{"id":1134,"date":"2014-10-25T13:35:49","date_gmt":"2014-10-25T11:35:49","guid":{"rendered":"http:\/\/cpartajona.educacion.navarra.es\/web\/?p=1134"},"modified":"2015-02-25T13:51:59","modified_gmt":"2015-02-25T12:51:59","slug":"visita-al-senorio-de-bertiz","status":"publish","type":"post","link":"https:\/\/cpartajona.educacion.navarra.es\/web\/blog\/2014\/10\/25\/visita-al-senorio-de-bertiz\/","title":{"rendered":"Visita al Se\u00f1or\u00edo de B\u00e9rtiz."},"content":{"rendered":"<p>Los ni\u00f1os y ni\u00f1as de primer ciclo de primaria nos lo pasamos muy bien en el Se\u00f1or\u00edo de B\u00e9rtiz y aprendimos muchas cosas sobre los diferentes paisajes de oto\u00f1o.<\/p>\n<p>&nbsp;<\/p>\n<p><embed type=\"application\/x-shockwave-flash\" src=\"https:\/\/photos.gstatic.com\/media\/slideshow.swf\" width=\"600\" height=\"400\" flashvars=\"host=picasaweb.google.com&#038;hl=es&#038;feat=flashalbum&#038;RGB=0x000000&#038;feed=https%3A%2F%2Fpicasaweb.google.com%2Fdata%2Ffeed%2Fapi%2Fuser%2F102174750660280428662%2Falbumid%2F6085249376718954193%3Falt%3Drss%26kind%3Dphoto%26authkey%3DGv1sRgCLCI3LyuqMSRzgE%26hl%3Des\" pluginspage=\"http:\/\/www.macromedia.com\/go\/getflashplayer\"><\/embed><\/p>\n","protected":false},"excerpt":{"rendered":"<p>Los ni\u00f1os y ni\u00f1as de primer ciclo de primaria nos lo pasamos muy bien en el Se\u00f1or\u00edo de B\u00e9rtiz y aprendimos muchas cosas sobre los diferentes paisajes de oto\u00f1o. &nbsp;<\/p>\n","protected":false},"author":10,"featured_media":0,"comment_status":"open","ping_status":"open","sticky":false,"template":"","format":"standard","meta":[],"categories":[3,26,1],"tags":[],"_links":{"self":[{"href":"https:\/\/cpartajona.educacion.navarra.es\/web\/wp-json\/wp\/v2\/posts\/1134"}],"collection":[{"href":"https:\/\/cpartajona.educacion.navarra.es\/web\/wp-json\/wp\/v2\/posts"}],"about":[{"href":"https:\/\/cpartajona.educacion.navarra.es\/web\/wp-json\/wp\/v2\/types\/post"}],"author":[{"embeddable":true,"href":"https:\/\/cpartajona.educacion.navarra.es\/web\/wp-json\/wp\/v2\/users\/10"}],"replies":[{"embeddable":true,"href":"https:\/\/cpartajona.educacion.navarra.es\/web\/wp-json\/wp\/v2\/comments?post=1134"}],"version-history":[{"count":1,"href":"https:\/\/cpartajona.educacion.navarra.es\/web\/wp-json\/wp\/v2\/posts\/1134\/revisions"}],"predecessor-version":[{"id":1146,"href":"https:\/\/cpartajona.educacion.navarra.es\/web\/wp-json\/wp\/v2\/posts\/1134\/revisions\/1146"}],"wp:attachment":[{"href":"https:\/\/cpartajona.educacion.navarra.es\/web\/wp-json\/wp\/v2\/media?parent=1134"}],"wp:term":[{"taxonomy":"category","embeddable":true,"href":"https:\/\/cpartajona.educacion.navarra.es\/web\/wp-json\/wp\/v2\/categories?post=1134"},{"taxonomy":"post_tag","embeddable":true,"href":"https:\/\/cpartajona.educacion.navarra.es\/web\/wp-json\/wp\/v2\/tags?post=1134"}],"curies":[{"name":"wp","href":"https:\/\/api.w.org\/{rel}","templated":true}]}}