{"id":163,"date":"2013-11-26T10:15:35","date_gmt":"2013-11-26T09:15:35","guid":{"rendered":"http:\/\/cpartajona.educacion.navarra.es\/web\/?p=163"},"modified":"2014-02-13T11:59:02","modified_gmt":"2014-02-13T10:59:02","slug":"jesus-se-jubila","status":"publish","type":"post","link":"https:\/\/cpartajona.educacion.navarra.es\/web\/blog\/2013\/11\/26\/jesus-se-jubila\/","title":{"rendered":"Jubilaci\u00f3n de Jes\u00fas"},"content":{"rendered":"<p style=\"text-align: justify;\">El 27 de noviembre \u00a0\u00abd\u00eda del maestro\u00bb ha sido la fecha elegida para despedir a Jes\u00fas Vital.<\/p>\n<p style=\"text-align: justify;\"><span style=\"color: #444444; line-height: 1.7;\">Los profesores\/as \u00a0y alumnos\/as del C.P. \u00abUrraca Reina\u00bb junto con la APYMA ofrecieron una merecida despedida a Don Jes\u00fas.<\/span><\/p>\n<p style=\"text-align: justify;\">En la celebraci\u00f3n hubo diferentes intervenciones.<img alt=\"OLYMPUS DIGITAL CAMERA\" src=\"http:\/\/cpartajona.educacion.navarra.es\/web\/wp-content\/uploads\/2013\/11\/PB270707-150x150.jpg\" \/><\/p>\n<p style=\"text-align: justify;\"><span style=\"line-height: 1.7;\"><!--more-->Primeramente el director ley\u00f3 un discurso muy emotivo, a continuaci\u00f3n se\u00a0<\/span><span style=\"line-height: 1.7;\">proyecto un power point con fotograf\u00edas que recordaban diferentes momentos de a\u00f1os atr\u00e1s, despu\u00e9s los alumnos\/as cantaron una canci\u00f3n, m\u00e1s tarde el grupo de ex-alumnos\/as represent\u00f3 una peque\u00f1a obra teatral que nos hizo pasar un rato divertido, el presidente de la Apyma dirigi\u00f3 unas palabras de agradecimiento y terminamos cantando la aurora de San Jos\u00e9 de Calasanz todos los asistentes.\u00a0<\/span><\/p>\n<p><embed type=\"application\/x-shockwave-flash\" src=\"https:\/\/static.googleusercontent.com\/external_content\/picasaweb.googleusercontent.com\/slideshow.swf\" width=\"288\" height=\"192\" flashvars=\"host=picasaweb.google.com&#038;hl=es&#038;feat=flashalbum&#038;RGB=0x000000&#038;feed=https%3A%2F%2Fpicasaweb.google.com%2Fdata%2Ffeed%2Fapi%2Fuser%2F112367023481223762967%2Falbumid%2F5968829210801855809%3Falt%3Drss%26kind%3Dphoto%26authkey%3DGv1sRgCO7wt-nS8q_pMg%26hl%3Des\" pluginspage=\"http:\/\/www.macromedia.com\/go\/getflashplayer\"><\/embed><\/p>\n","protected":false},"excerpt":{"rendered":"<p>El 27 de noviembre \u00a0\u00abd\u00eda del maestro\u00bb ha sido la fecha elegida para despedir a Jes\u00fas Vital. Los profesores\/as \u00a0y alumnos\/as del C.P. \u00abUrraca Reina\u00bb junto con la APYMA ofrecieron una merecida despedida a Don Jes\u00fas. En la celebraci\u00f3n hubo diferentes intervenciones.<\/p><p><a class=\"more-link btn\" href=\"https:\/\/cpartajona.educacion.navarra.es\/web\/blog\/2013\/11\/26\/jesus-se-jubila\/\">Continue reading<\/a><\/p>\n","protected":false},"author":1,"featured_media":0,"comment_status":"open","ping_status":"open","sticky":false,"template":"","format":"standard","meta":[],"categories":[1],"tags":[],"_links":{"self":[{"href":"https:\/\/cpartajona.educacion.navarra.es\/web\/wp-json\/wp\/v2\/posts\/163"}],"collection":[{"href":"https:\/\/cpartajona.educacion.navarra.es\/web\/wp-json\/wp\/v2\/posts"}],"about":[{"href":"https:\/\/cpartajona.educacion.navarra.es\/web\/wp-json\/wp\/v2\/types\/post"}],"author":[{"embeddable":true,"href":"https:\/\/cpartajona.educacion.navarra.es\/web\/wp-json\/wp\/v2\/users\/1"}],"replies":[{"embeddable":true,"href":"https:\/\/cpartajona.educacion.navarra.es\/web\/wp-json\/wp\/v2\/comments?post=163"}],"version-history":[{"count":43,"href":"https:\/\/cpartajona.educacion.navarra.es\/web\/wp-json\/wp\/v2\/posts\/163\/revisions"}],"predecessor-version":[{"id":354,"href":"https:\/\/cpartajona.educacion.navarra.es\/web\/wp-json\/wp\/v2\/posts\/163\/revisions\/354"}],"wp:attachment":[{"href":"https:\/\/cpartajona.educacion.navarra.es\/web\/wp-json\/wp\/v2\/media?parent=163"}],"wp:term":[{"taxonomy":"category","embeddable":true,"href":"https:\/\/cpartajona.educacion.navarra.es\/web\/wp-json\/wp\/v2\/categories?post=163"},{"taxonomy":"post_tag","embeddable":true,"href":"https:\/\/cpartajona.educacion.navarra.es\/web\/wp-json\/wp\/v2\/tags?post=163"}],"curies":[{"name":"wp","href":"https:\/\/api.w.org\/{rel}","templated":true}]}}