{"id":181,"date":"2013-10-08T10:39:48","date_gmt":"2013-10-08T08:39:48","guid":{"rendered":"http:\/\/cpartajona.educacion.navarra.es\/web\/?p=181"},"modified":"2013-11-27T20:29:33","modified_gmt":"2013-11-27T19:29:33","slug":"salida-al-bosque-de-orgi","status":"publish","type":"post","link":"https:\/\/cpartajona.educacion.navarra.es\/web\/blog\/2013\/10\/08\/salida-al-bosque-de-orgi\/","title":{"rendered":"Salida al Bosque de Orgi"},"content":{"rendered":"<p>Los ni\u00f1os y ni\u00f1as de primer ciclo, acompa\u00f1ados por sus profesoras, han visitado el\u00a0<a href=\"http:\/\/www.bosque-orgi.com\/\">Bosque de Orgi<\/a>\u00a0para comprobar con sus propios ojos que, efectivamente, el oto\u00f1o ha llegado.<\/p>\n<p><!--more--><\/p>\n<p>Cuando llega el oto\u00f1o, la temperatura comienza a bajar. Despu\u00e9s de tres meses de calor, empezamos a notar c\u00f3mo muchos \u00e1rboles comienzan a perder sus hojas, y el patio se llena de colores marrones, ocres y amarillos.<\/p>\n<p><img loading=\"lazy\" alt=\"\" src=\"http:\/\/3.bp.blogspot.com\/-DLBs3jHgTgc\/Umg2UN6nW-I\/AAAAAAAAADA\/mUdBhB890uw\/s1600\/20131008_101813.jpg\" width=\"288\" height=\"384\" \/><\/p>\n<p>Todos aprendieron mucho acerca de esta estaci\u00f3n: cu\u00e1ndo es, en qu\u00e9 consiste, qu\u00e9 \u00e1rboles pierden sus hojas y cu\u00e1les no&#8230;<\/p>\n<p>Ahora, en la escuela, seguimos trabajando el oto\u00f1o&#8230; \u00a1Compru\u00e9balo!<\/p>\n<p><img loading=\"lazy\" alt=\"\" src=\"http:\/\/4.bp.blogspot.com\/-ecWOFsp0XSQ\/Umg4jOIMRNI\/AAAAAAAAADI\/yOKU5wegMdw\/s1600\/20131015_124419.jpg\" width=\"230\" height=\"173\" \/><img loading=\"lazy\" alt=\"\" src=\"http:\/\/2.bp.blogspot.com\/-TJBjPVBSXzI\/Umg4jVC1cBI\/AAAAAAAAADM\/DzVyn2Jayvk\/s1600\/20131015_124429.jpg\" width=\"230\" height=\"173\" \/><\/p>\n<h2><\/h2>\n","protected":false},"excerpt":{"rendered":"<p>Los ni\u00f1os y ni\u00f1as de primer ciclo, acompa\u00f1ados por sus profesoras, han visitado el\u00a0Bosque de Orgi\u00a0para comprobar con sus propios ojos que, efectivamente, el oto\u00f1o ha llegado.<\/p><p><a class=\"more-link btn\" href=\"https:\/\/cpartajona.educacion.navarra.es\/web\/blog\/2013\/10\/08\/salida-al-bosque-de-orgi\/\">Continue reading<\/a><\/p>\n","protected":false},"author":1,"featured_media":0,"comment_status":"open","ping_status":"open","sticky":false,"template":"","format":"standard","meta":[],"categories":[3,12,1],"tags":[],"_links":{"self":[{"href":"https:\/\/cpartajona.educacion.navarra.es\/web\/wp-json\/wp\/v2\/posts\/181"}],"collection":[{"href":"https:\/\/cpartajona.educacion.navarra.es\/web\/wp-json\/wp\/v2\/posts"}],"about":[{"href":"https:\/\/cpartajona.educacion.navarra.es\/web\/wp-json\/wp\/v2\/types\/post"}],"author":[{"embeddable":true,"href":"https:\/\/cpartajona.educacion.navarra.es\/web\/wp-json\/wp\/v2\/users\/1"}],"replies":[{"embeddable":true,"href":"https:\/\/cpartajona.educacion.navarra.es\/web\/wp-json\/wp\/v2\/comments?post=181"}],"version-history":[{"count":3,"href":"https:\/\/cpartajona.educacion.navarra.es\/web\/wp-json\/wp\/v2\/posts\/181\/revisions"}],"predecessor-version":[{"id":196,"href":"https:\/\/cpartajona.educacion.navarra.es\/web\/wp-json\/wp\/v2\/posts\/181\/revisions\/196"}],"wp:attachment":[{"href":"https:\/\/cpartajona.educacion.navarra.es\/web\/wp-json\/wp\/v2\/media?parent=181"}],"wp:term":[{"taxonomy":"category","embeddable":true,"href":"https:\/\/cpartajona.educacion.navarra.es\/web\/wp-json\/wp\/v2\/categories?post=181"},{"taxonomy":"post_tag","embeddable":true,"href":"https:\/\/cpartajona.educacion.navarra.es\/web\/wp-json\/wp\/v2\/tags?post=181"}],"curies":[{"name":"wp","href":"https:\/\/api.w.org\/{rel}","templated":true}]}}