{"id":1999,"date":"2016-06-08T21:49:53","date_gmt":"2016-06-08T19:49:53","guid":{"rendered":"http:\/\/cpartajona.educacion.navarra.es\/web\/?p=1999"},"modified":"2016-06-08T21:49:53","modified_gmt":"2016-06-08T19:49:53","slug":"visita-al-cerco","status":"publish","type":"post","link":"https:\/\/cpartajona.educacion.navarra.es\/web\/blog\/2016\/06\/08\/visita-al-cerco\/","title":{"rendered":"VISITA AL CERCO"},"content":{"rendered":"<p>Ayer los alumnos de Infantil fuimos al cerco, donde una amable noble nos cont\u00f3 cosas muy interesantes sobre nuestro recinto amurallado. A continuaci\u00f3n unos  vecinos  del cerco nos prepararon unos refrescos y alg\u00fan dulce que estaban riqu\u00edsimos, gracias Juan Luis y Jeru!!<\/p>\n<p>Para continuar con el paseo fuimos hasta la ermita, desde donde las vistas al cerco son espectaculares. Para terminar por el paseo llegamos hasta el cole.<\/p>\n<p>\u00a1\u00a1Lo pasamos genial!!<\/p>\n<p>Os dejamos unas fotos para que pod\u00e1is ver que bien estuvimos:<\/p>\n<p><embed type=\"application\/x-shockwave-flash\" src=\"https:\/\/photos.gstatic.com\/media\/slideshow.swf\" width=\"600\" height=\"400\" flashvars=\"host=picasaweb.google.com&#038;hl=es&#038;feat=flashalbum&#038;RGB=0x000000&#038;feed=https%3A%2F%2Fpicasaweb.google.com%2Fdata%2Ffeed%2Fapi%2Fuser%2F110506518407172046655%2Falbumid%2F6293909652010187089%3Falt%3Drss%26kind%3Dphoto%26authkey%3DGv1sRgCPGL-7uDxM20ywE%26hl%3Des\" pluginspage=\"http:\/\/www.macromedia.com\/go\/getflashplayer\"><\/embed><\/p>\n","protected":false},"excerpt":{"rendered":"<p>Ayer los alumnos de Infantil fuimos al cerco, donde una amable noble nos cont\u00f3 cosas muy interesantes sobre nuestro recinto amurallado. A continuaci\u00f3n unos vecinos del cerco nos prepararon unos refrescos y alg\u00fan dulce que estaban riqu\u00edsimos, gracias Juan Luis y Jeru!! Para continuar con el paseo fuimos hasta la ermita, desde donde las vistas &hellip; <\/p>\n<p><a class=\"more-link btn\" href=\"https:\/\/cpartajona.educacion.navarra.es\/web\/blog\/2016\/06\/08\/visita-al-cerco\/\">Continue reading<\/a><\/p>\n","protected":false},"author":11,"featured_media":0,"comment_status":"open","ping_status":"open","sticky":false,"template":"","format":"standard","meta":[],"categories":[1,13],"tags":[],"_links":{"self":[{"href":"https:\/\/cpartajona.educacion.navarra.es\/web\/wp-json\/wp\/v2\/posts\/1999"}],"collection":[{"href":"https:\/\/cpartajona.educacion.navarra.es\/web\/wp-json\/wp\/v2\/posts"}],"about":[{"href":"https:\/\/cpartajona.educacion.navarra.es\/web\/wp-json\/wp\/v2\/types\/post"}],"author":[{"embeddable":true,"href":"https:\/\/cpartajona.educacion.navarra.es\/web\/wp-json\/wp\/v2\/users\/11"}],"replies":[{"embeddable":true,"href":"https:\/\/cpartajona.educacion.navarra.es\/web\/wp-json\/wp\/v2\/comments?post=1999"}],"version-history":[{"count":1,"href":"https:\/\/cpartajona.educacion.navarra.es\/web\/wp-json\/wp\/v2\/posts\/1999\/revisions"}],"predecessor-version":[{"id":2000,"href":"https:\/\/cpartajona.educacion.navarra.es\/web\/wp-json\/wp\/v2\/posts\/1999\/revisions\/2000"}],"wp:attachment":[{"href":"https:\/\/cpartajona.educacion.navarra.es\/web\/wp-json\/wp\/v2\/media?parent=1999"}],"wp:term":[{"taxonomy":"category","embeddable":true,"href":"https:\/\/cpartajona.educacion.navarra.es\/web\/wp-json\/wp\/v2\/categories?post=1999"},{"taxonomy":"post_tag","embeddable":true,"href":"https:\/\/cpartajona.educacion.navarra.es\/web\/wp-json\/wp\/v2\/tags?post=1999"}],"curies":[{"name":"wp","href":"https:\/\/api.w.org\/{rel}","templated":true}]}}