{"id":2001,"date":"2016-06-09T17:31:34","date_gmt":"2016-06-09T15:31:34","guid":{"rendered":"http:\/\/cpartajona.educacion.navarra.es\/web\/?p=2001"},"modified":"2016-06-09T17:31:34","modified_gmt":"2016-06-09T15:31:34","slug":"visita-especial","status":"publish","type":"post","link":"https:\/\/cpartajona.educacion.navarra.es\/web\/blog\/2016\/06\/09\/visita-especial\/","title":{"rendered":"VISITA ESPECIAL"},"content":{"rendered":"<p>Hoy los alumnos de 1\u00ba E. Infantil hemos recibido una visita muy especial. A la ma\u00f1ana hemos ido a la escuela infantil a buscar a los alumnos que el curso que viene ser\u00e1n nuestros compa\u00f1eros. A continuaci\u00f3n hemos almorzado y hemos jugado en nuestros rincones, el que m\u00e1s ha triunfado ha sido la peluquer\u00eda.<\/p>\n<p>Os dejamos unas fotos.<\/p>\n<p><embed type=\"application\/x-shockwave-flash\" src=\"https:\/\/photos.gstatic.com\/media\/slideshow.swf\" width=\"600\" height=\"400\" flashvars=\"host=picasaweb.google.com&#038;hl=es&#038;feat=flashalbum&#038;RGB=0x000000&#038;feed=https%3A%2F%2Fpicasaweb.google.com%2Fdata%2Ffeed%2Fapi%2Fuser%2F110506518407172046655%2Falbumid%2F6294215401170378801%3Falt%3Drss%26kind%3Dphoto%26authkey%3DGv1sRgCK-_scaCnoB-%26hl%3Des\" pluginspage=\"http:\/\/www.macromedia.com\/go\/getflashplayer\"><\/embed><\/p>\n","protected":false},"excerpt":{"rendered":"<p>Hoy los alumnos de 1\u00ba E. Infantil hemos recibido una visita muy especial. A la ma\u00f1ana hemos ido a la escuela infantil a buscar a los alumnos que el curso que viene ser\u00e1n nuestros compa\u00f1eros. A continuaci\u00f3n hemos almorzado y hemos jugado en nuestros rincones, el que m\u00e1s ha triunfado ha sido la peluquer\u00eda. Os &hellip; <\/p>\n<p><a class=\"more-link btn\" href=\"https:\/\/cpartajona.educacion.navarra.es\/web\/blog\/2016\/06\/09\/visita-especial\/\">Continue reading<\/a><\/p>\n","protected":false},"author":11,"featured_media":0,"comment_status":"open","ping_status":"open","sticky":false,"template":"","format":"standard","meta":[],"categories":[1,13],"tags":[],"_links":{"self":[{"href":"https:\/\/cpartajona.educacion.navarra.es\/web\/wp-json\/wp\/v2\/posts\/2001"}],"collection":[{"href":"https:\/\/cpartajona.educacion.navarra.es\/web\/wp-json\/wp\/v2\/posts"}],"about":[{"href":"https:\/\/cpartajona.educacion.navarra.es\/web\/wp-json\/wp\/v2\/types\/post"}],"author":[{"embeddable":true,"href":"https:\/\/cpartajona.educacion.navarra.es\/web\/wp-json\/wp\/v2\/users\/11"}],"replies":[{"embeddable":true,"href":"https:\/\/cpartajona.educacion.navarra.es\/web\/wp-json\/wp\/v2\/comments?post=2001"}],"version-history":[{"count":2,"href":"https:\/\/cpartajona.educacion.navarra.es\/web\/wp-json\/wp\/v2\/posts\/2001\/revisions"}],"predecessor-version":[{"id":2003,"href":"https:\/\/cpartajona.educacion.navarra.es\/web\/wp-json\/wp\/v2\/posts\/2001\/revisions\/2003"}],"wp:attachment":[{"href":"https:\/\/cpartajona.educacion.navarra.es\/web\/wp-json\/wp\/v2\/media?parent=2001"}],"wp:term":[{"taxonomy":"category","embeddable":true,"href":"https:\/\/cpartajona.educacion.navarra.es\/web\/wp-json\/wp\/v2\/categories?post=2001"},{"taxonomy":"post_tag","embeddable":true,"href":"https:\/\/cpartajona.educacion.navarra.es\/web\/wp-json\/wp\/v2\/tags?post=2001"}],"curies":[{"name":"wp","href":"https:\/\/api.w.org\/{rel}","templated":true}]}}