{"id":2056,"date":"2016-10-23T19:41:32","date_gmt":"2016-10-23T17:41:32","guid":{"rendered":"http:\/\/cpartajona.educacion.navarra.es\/web\/?p=2056"},"modified":"2016-10-23T19:41:32","modified_gmt":"2016-10-23T17:41:32","slug":"haciendo-mermelada","status":"publish","type":"post","link":"https:\/\/cpartajona.educacion.navarra.es\/web\/blog\/2016\/10\/23\/haciendo-mermelada\/","title":{"rendered":"HACIENDO MERMELADA"},"content":{"rendered":"<p>Los alumnos de 4\u00ba hemos estado en el comedor de Mariv\u00ed haciendo mermelada.<\/p>\n<p>Marivi nos explic\u00f3 como se hace, indic\u00e1ndonos que necesit\u00e1bamos 300 gramos de az\u00facar por cada kilo de fruta. Utilizamos 3 kg de ciruelas, \u00a0900 gr de de az\u00facar y un lim\u00f3n y a cocer durante 40 minutos.<\/p>\n<p>Lo mejor de todo fue comer nuestra propia mermelada. Aqu\u00ed os dejamos unas fotograf\u00edas para que ve\u00e1is lo bien que lo pasamos.<\/p>\n<p>&nbsp;<\/p>\n<p><a href=\"https:\/\/goo.gl\/photos\/MVBtWXRMsDS9CYgS9\">https:\/\/goo.gl\/photos\/MVBtWXRMsDS9CYgS9<\/a><\/p>\n","protected":false},"excerpt":{"rendered":"<p>Los alumnos de 4\u00ba hemos estado en el comedor de Mariv\u00ed haciendo mermelada. Marivi nos explic\u00f3 como se hace, indic\u00e1ndonos que necesit\u00e1bamos 300 gramos de az\u00facar por cada kilo de fruta. Utilizamos 3 kg de ciruelas, \u00a0900 gr de de az\u00facar y un lim\u00f3n y a cocer durante 40 minutos. Lo mejor de todo fue &hellip; <\/p>\n<p><a class=\"more-link btn\" href=\"https:\/\/cpartajona.educacion.navarra.es\/web\/blog\/2016\/10\/23\/haciendo-mermelada\/\">Continue reading<\/a><\/p>\n","protected":false},"author":12,"featured_media":0,"comment_status":"open","ping_status":"open","sticky":false,"template":"","format":"standard","meta":[],"categories":[27,1],"tags":[],"_links":{"self":[{"href":"https:\/\/cpartajona.educacion.navarra.es\/web\/wp-json\/wp\/v2\/posts\/2056"}],"collection":[{"href":"https:\/\/cpartajona.educacion.navarra.es\/web\/wp-json\/wp\/v2\/posts"}],"about":[{"href":"https:\/\/cpartajona.educacion.navarra.es\/web\/wp-json\/wp\/v2\/types\/post"}],"author":[{"embeddable":true,"href":"https:\/\/cpartajona.educacion.navarra.es\/web\/wp-json\/wp\/v2\/users\/12"}],"replies":[{"embeddable":true,"href":"https:\/\/cpartajona.educacion.navarra.es\/web\/wp-json\/wp\/v2\/comments?post=2056"}],"version-history":[{"count":1,"href":"https:\/\/cpartajona.educacion.navarra.es\/web\/wp-json\/wp\/v2\/posts\/2056\/revisions"}],"predecessor-version":[{"id":2057,"href":"https:\/\/cpartajona.educacion.navarra.es\/web\/wp-json\/wp\/v2\/posts\/2056\/revisions\/2057"}],"wp:attachment":[{"href":"https:\/\/cpartajona.educacion.navarra.es\/web\/wp-json\/wp\/v2\/media?parent=2056"}],"wp:term":[{"taxonomy":"category","embeddable":true,"href":"https:\/\/cpartajona.educacion.navarra.es\/web\/wp-json\/wp\/v2\/categories?post=2056"},{"taxonomy":"post_tag","embeddable":true,"href":"https:\/\/cpartajona.educacion.navarra.es\/web\/wp-json\/wp\/v2\/tags?post=2056"}],"curies":[{"name":"wp","href":"https:\/\/api.w.org\/{rel}","templated":true}]}}