{"id":2196,"date":"2017-03-06T22:59:34","date_gmt":"2017-03-06T21:59:34","guid":{"rendered":"http:\/\/cpartajona.educacion.navarra.es\/web\/?p=2196"},"modified":"2017-03-06T23:20:38","modified_gmt":"2017-03-06T22:20:38","slug":"semana-blanca-2017","status":"publish","type":"post","link":"https:\/\/cpartajona.educacion.navarra.es\/web\/blog\/2017\/03\/06\/semana-blanca-2017\/","title":{"rendered":"Semana blanca 2017"},"content":{"rendered":"<p>Los\u00a0 alumnos\/as de 6\u00ba lo estamos pasando muy bien en la semana blanca.<\/p>\n<p><a href=\"http:\/\/cpartajona.educacion.navarra.es\/web\/wp-content\/uploads\/2017\/03\/PC260025-1600x1200.jpg\"><img loading=\"lazy\" class=\"size-medium wp-image-2201\" src=\"http:\/\/cpartajona.educacion.navarra.es\/web\/wp-content\/uploads\/2017\/03\/PC260025-1600x1200-300x225.jpg\" alt=\"\" width=\"300\" height=\"225\" srcset=\"https:\/\/cpartajona.educacion.navarra.es\/web\/wp-content\/uploads\/2017\/03\/PC260025-1600x1200-300x225.jpg 300w, https:\/\/cpartajona.educacion.navarra.es\/web\/wp-content\/uploads\/2017\/03\/PC260025-1600x1200-768x576.jpg 768w, https:\/\/cpartajona.educacion.navarra.es\/web\/wp-content\/uploads\/2017\/03\/PC260025-1600x1200.jpg 800w\" sizes=\"(max-width: 300px) 100vw, 300px\" \/><\/a><\/p>\n<p>Aqu\u00ed ten\u00e9is un enlace para ver m\u00e1s fotos.<\/p>\n<p><a href=\"https:\/\/goo.gl\/photos\/sCUeKVF67TdBQrGk6\">https:\/\/goo.gl\/photos\/sCUeKVF67TdBQrGk6<\/a><\/p>\n","protected":false},"excerpt":{"rendered":"<p>Los\u00a0 alumnos\/as de 6\u00ba lo estamos pasando muy bien en la semana blanca. Aqu\u00ed ten\u00e9is un enlace para ver m\u00e1s fotos. https:\/\/goo.gl\/photos\/sCUeKVF67TdBQrGk6<\/p>\n","protected":false},"author":3,"featured_media":0,"comment_status":"open","ping_status":"open","sticky":false,"template":"","format":"standard","meta":[],"categories":[1],"tags":[],"_links":{"self":[{"href":"https:\/\/cpartajona.educacion.navarra.es\/web\/wp-json\/wp\/v2\/posts\/2196"}],"collection":[{"href":"https:\/\/cpartajona.educacion.navarra.es\/web\/wp-json\/wp\/v2\/posts"}],"about":[{"href":"https:\/\/cpartajona.educacion.navarra.es\/web\/wp-json\/wp\/v2\/types\/post"}],"author":[{"embeddable":true,"href":"https:\/\/cpartajona.educacion.navarra.es\/web\/wp-json\/wp\/v2\/users\/3"}],"replies":[{"embeddable":true,"href":"https:\/\/cpartajona.educacion.navarra.es\/web\/wp-json\/wp\/v2\/comments?post=2196"}],"version-history":[{"count":4,"href":"https:\/\/cpartajona.educacion.navarra.es\/web\/wp-json\/wp\/v2\/posts\/2196\/revisions"}],"predecessor-version":[{"id":2198,"href":"https:\/\/cpartajona.educacion.navarra.es\/web\/wp-json\/wp\/v2\/posts\/2196\/revisions\/2198"}],"wp:attachment":[{"href":"https:\/\/cpartajona.educacion.navarra.es\/web\/wp-json\/wp\/v2\/media?parent=2196"}],"wp:term":[{"taxonomy":"category","embeddable":true,"href":"https:\/\/cpartajona.educacion.navarra.es\/web\/wp-json\/wp\/v2\/categories?post=2196"},{"taxonomy":"post_tag","embeddable":true,"href":"https:\/\/cpartajona.educacion.navarra.es\/web\/wp-json\/wp\/v2\/tags?post=2196"}],"curies":[{"name":"wp","href":"https:\/\/api.w.org\/{rel}","templated":true}]}}