{"id":3028,"date":"2019-01-31T13:27:17","date_gmt":"2019-01-31T12:27:17","guid":{"rendered":"http:\/\/cpartajona.educacion.navarra.es\/web\/?p=3028"},"modified":"2019-01-31T13:27:19","modified_gmt":"2019-01-31T12:27:19","slug":"dia-de-la-paz-3","status":"publish","type":"post","link":"https:\/\/cpartajona.educacion.navarra.es\/web\/blog\/2019\/01\/31\/dia-de-la-paz-3\/","title":{"rendered":"D\u00cdA DE LA PAZ"},"content":{"rendered":"\n<p>Ayer, d\u00eda 30 de enero, el alumnado del CP Urraca Reina junto con el profesorado celebramos el d\u00eda de la paz. En primer lugar los alumnos de 6\u00ba leyeron unos manifiestos de paz y a continuaci\u00f3n, todos juntos cantamos una canci\u00f3n.<\/p>\n\n\n\n<p>Os dejamos unos <a href=\"https:\/\/drive.google.com\/drive\/folders\/100-5_DkWJAAqSiiPuZKb9PYM2oiLwwg2?usp=sharing\">v\u00eddeos<\/a>.<a href=\"https:\/\/drive.google.com\/drive\/folders\/100-5_DkWJAAqSiiPuZKb9PYM2oiLwwg2?usp=sharing\"><\/a><\/p>\n","protected":false},"excerpt":{"rendered":"<p>Ayer, d\u00eda 30 de enero, el alumnado del CP Urraca Reina junto con el profesorado celebramos el d\u00eda de la paz. En primer lugar los alumnos de 6\u00ba leyeron unos manifiestos de paz y a continuaci\u00f3n, todos juntos cantamos una canci\u00f3n. Os dejamos unos v\u00eddeos.<\/p>\n","protected":false},"author":11,"featured_media":0,"comment_status":"open","ping_status":"open","sticky":false,"template":"","format":"standard","meta":[],"categories":[1],"tags":[],"_links":{"self":[{"href":"https:\/\/cpartajona.educacion.navarra.es\/web\/wp-json\/wp\/v2\/posts\/3028"}],"collection":[{"href":"https:\/\/cpartajona.educacion.navarra.es\/web\/wp-json\/wp\/v2\/posts"}],"about":[{"href":"https:\/\/cpartajona.educacion.navarra.es\/web\/wp-json\/wp\/v2\/types\/post"}],"author":[{"embeddable":true,"href":"https:\/\/cpartajona.educacion.navarra.es\/web\/wp-json\/wp\/v2\/users\/11"}],"replies":[{"embeddable":true,"href":"https:\/\/cpartajona.educacion.navarra.es\/web\/wp-json\/wp\/v2\/comments?post=3028"}],"version-history":[{"count":1,"href":"https:\/\/cpartajona.educacion.navarra.es\/web\/wp-json\/wp\/v2\/posts\/3028\/revisions"}],"predecessor-version":[{"id":3029,"href":"https:\/\/cpartajona.educacion.navarra.es\/web\/wp-json\/wp\/v2\/posts\/3028\/revisions\/3029"}],"wp:attachment":[{"href":"https:\/\/cpartajona.educacion.navarra.es\/web\/wp-json\/wp\/v2\/media?parent=3028"}],"wp:term":[{"taxonomy":"category","embeddable":true,"href":"https:\/\/cpartajona.educacion.navarra.es\/web\/wp-json\/wp\/v2\/categories?post=3028"},{"taxonomy":"post_tag","embeddable":true,"href":"https:\/\/cpartajona.educacion.navarra.es\/web\/wp-json\/wp\/v2\/tags?post=3028"}],"curies":[{"name":"wp","href":"https:\/\/api.w.org\/{rel}","templated":true}]}}