{"id":3115,"date":"2019-06-13T13:52:19","date_gmt":"2019-06-13T11:52:19","guid":{"rendered":"http:\/\/cpartajona.educacion.navarra.es\/web\/?p=3115"},"modified":"2019-06-13T13:52:22","modified_gmt":"2019-06-13T11:52:22","slug":"visita-al-huerto-de-valentin","status":"publish","type":"post","link":"https:\/\/cpartajona.educacion.navarra.es\/web\/blog\/2019\/06\/13\/visita-al-huerto-de-valentin\/","title":{"rendered":"Visita al huerto de Valent\u00edn"},"content":{"rendered":"\n<p>Hoy hemos ido al huerto de Valent\u00edn, el abuelo de Alaia. Tiene todo tipo de \u00e1rboles frutales: cerezos, melocotoneros, manzanos, perales, ciruelos, higueras, pomo, olivos, naranjo, caqui, alb\u00e9rchigos\u2026 Tambi\u00e9n ajos, patatas, cebollas, melones, sand\u00edas, tomates. Lo tiene muy bien cuidado y con riego por goteo. Despu\u00e9s hemos comido cerezas riqu\u00edsimas. <\/p>\n\n\n\n<p>\u00a1\u00a1GRACIAS VALENT\u00cdN!!<\/p>\n\n\n\n<p><a href=\"https:\/\/drive.google.com\/drive\/folders\/1-GZcSb_peRaxn82F5UYsYgD2l6gq9PBd?usp=sharing\">FOTOS<\/a><\/p>\n","protected":false},"excerpt":{"rendered":"<p>Hoy hemos ido al huerto de Valent\u00edn, el abuelo de Alaia. Tiene todo tipo de \u00e1rboles frutales: cerezos, melocotoneros, manzanos, perales, ciruelos, higueras, pomo, olivos, naranjo, caqui, alb\u00e9rchigos\u2026 Tambi\u00e9n ajos, patatas, cebollas, melones, sand\u00edas, tomates. Lo tiene muy bien cuidado y con riego por goteo. Despu\u00e9s hemos comido cerezas riqu\u00edsimas. \u00a1\u00a1GRACIAS VALENT\u00cdN!! FOTOS<\/p>\n","protected":false},"author":11,"featured_media":0,"comment_status":"open","ping_status":"open","sticky":false,"template":"","format":"standard","meta":[],"categories":[4,1],"tags":[],"_links":{"self":[{"href":"https:\/\/cpartajona.educacion.navarra.es\/web\/wp-json\/wp\/v2\/posts\/3115"}],"collection":[{"href":"https:\/\/cpartajona.educacion.navarra.es\/web\/wp-json\/wp\/v2\/posts"}],"about":[{"href":"https:\/\/cpartajona.educacion.navarra.es\/web\/wp-json\/wp\/v2\/types\/post"}],"author":[{"embeddable":true,"href":"https:\/\/cpartajona.educacion.navarra.es\/web\/wp-json\/wp\/v2\/users\/11"}],"replies":[{"embeddable":true,"href":"https:\/\/cpartajona.educacion.navarra.es\/web\/wp-json\/wp\/v2\/comments?post=3115"}],"version-history":[{"count":1,"href":"https:\/\/cpartajona.educacion.navarra.es\/web\/wp-json\/wp\/v2\/posts\/3115\/revisions"}],"predecessor-version":[{"id":3116,"href":"https:\/\/cpartajona.educacion.navarra.es\/web\/wp-json\/wp\/v2\/posts\/3115\/revisions\/3116"}],"wp:attachment":[{"href":"https:\/\/cpartajona.educacion.navarra.es\/web\/wp-json\/wp\/v2\/media?parent=3115"}],"wp:term":[{"taxonomy":"category","embeddable":true,"href":"https:\/\/cpartajona.educacion.navarra.es\/web\/wp-json\/wp\/v2\/categories?post=3115"},{"taxonomy":"post_tag","embeddable":true,"href":"https:\/\/cpartajona.educacion.navarra.es\/web\/wp-json\/wp\/v2\/tags?post=3115"}],"curies":[{"name":"wp","href":"https:\/\/api.w.org\/{rel}","templated":true}]}}