{"id":3170,"date":"2019-10-06T21:35:54","date_gmt":"2019-10-06T19:35:54","guid":{"rendered":"http:\/\/cpartajona.educacion.navarra.es\/web\/?p=3170"},"modified":"2019-10-06T21:35:56","modified_gmt":"2019-10-06T19:35:56","slug":"nuestro-primer-almuerzo-comunitario","status":"publish","type":"post","link":"https:\/\/cpartajona.educacion.navarra.es\/web\/blog\/2019\/10\/06\/nuestro-primer-almuerzo-comunitario\/","title":{"rendered":"Nuestro primer almuerzo comunitario"},"content":{"rendered":"\n<p>El viernes comenzamos con los almuerzos comunitarios, y ya que nos tocaba a las profes, quisimos hacerlo de una forma especial. Nuestra primera salida para los de 3, fuimos a Cheve a comprar el pan y luego a la carnicer\u00eda de Pili (en clase ya hab\u00edamos votado sobre qu\u00e9 embutido \u00edbamos a comprar). Con la compra hecha fuimos al parque, almorzamos nuestros bocatas y nos comimos unas ricas aceitunas que nos regal\u00f3 Pili, y para terminar, lo m\u00e1s divertido, jugar.<\/p>\n\n\n\n<p><a href=\"https:\/\/drive.google.com\/drive\/folders\/1tnTRqFtjb1dwG-lcEbjc9RPQBTqBFNTk?usp=sharing\">FOTOS<\/a><\/p>\n","protected":false},"excerpt":{"rendered":"<p>El viernes comenzamos con los almuerzos comunitarios, y ya que nos tocaba a las profes, quisimos hacerlo de una forma especial. Nuestra primera salida para los de 3, fuimos a Cheve a comprar el pan y luego a la carnicer\u00eda de Pili (en clase ya hab\u00edamos votado sobre qu\u00e9 embutido \u00edbamos a comprar). Con la &hellip; <\/p>\n<p><a class=\"more-link btn\" href=\"https:\/\/cpartajona.educacion.navarra.es\/web\/blog\/2019\/10\/06\/nuestro-primer-almuerzo-comunitario\/\">Continue reading<\/a><\/p>\n","protected":false},"author":11,"featured_media":0,"comment_status":"open","ping_status":"open","sticky":false,"template":"","format":"standard","meta":[],"categories":[1,39,40],"tags":[],"_links":{"self":[{"href":"https:\/\/cpartajona.educacion.navarra.es\/web\/wp-json\/wp\/v2\/posts\/3170"}],"collection":[{"href":"https:\/\/cpartajona.educacion.navarra.es\/web\/wp-json\/wp\/v2\/posts"}],"about":[{"href":"https:\/\/cpartajona.educacion.navarra.es\/web\/wp-json\/wp\/v2\/types\/post"}],"author":[{"embeddable":true,"href":"https:\/\/cpartajona.educacion.navarra.es\/web\/wp-json\/wp\/v2\/users\/11"}],"replies":[{"embeddable":true,"href":"https:\/\/cpartajona.educacion.navarra.es\/web\/wp-json\/wp\/v2\/comments?post=3170"}],"version-history":[{"count":1,"href":"https:\/\/cpartajona.educacion.navarra.es\/web\/wp-json\/wp\/v2\/posts\/3170\/revisions"}],"predecessor-version":[{"id":3171,"href":"https:\/\/cpartajona.educacion.navarra.es\/web\/wp-json\/wp\/v2\/posts\/3170\/revisions\/3171"}],"wp:attachment":[{"href":"https:\/\/cpartajona.educacion.navarra.es\/web\/wp-json\/wp\/v2\/media?parent=3170"}],"wp:term":[{"taxonomy":"category","embeddable":true,"href":"https:\/\/cpartajona.educacion.navarra.es\/web\/wp-json\/wp\/v2\/categories?post=3170"},{"taxonomy":"post_tag","embeddable":true,"href":"https:\/\/cpartajona.educacion.navarra.es\/web\/wp-json\/wp\/v2\/tags?post=3170"}],"curies":[{"name":"wp","href":"https:\/\/api.w.org\/{rel}","templated":true}]}}