{"id":3173,"date":"2019-10-11T11:55:57","date_gmt":"2019-10-11T09:55:57","guid":{"rendered":"http:\/\/cpartajona.educacion.navarra.es\/web\/?p=3173"},"modified":"2019-10-11T11:55:59","modified_gmt":"2019-10-11T09:55:59","slug":"visita-silvia","status":"publish","type":"post","link":"https:\/\/cpartajona.educacion.navarra.es\/web\/blog\/2019\/10\/11\/visita-silvia\/","title":{"rendered":"Visita Silvia"},"content":{"rendered":"\n<p> Hoy nos ha visitado Silvia, la mam\u00e1 de Marcos. Nos ha explicado en qu\u00e9 consiste su trabajo de enfermera, y nos ha ense\u00f1ado un mont\u00f3n de cosas! Adem\u00e1s, nos ha ense\u00f1ado c\u00f3mo actuar en caso de emergencia, algo muy importante para todos,ni\u00f1os y mayores. Much\u00edsimas gracias por todo Silvia!\u00a0<\/p>\n\n\n\n<p><a href=\"https:\/\/drive.google.com\/drive\/folders\/1-i32haU4Eft5x6MShO37Tmodn2vHKkRH?usp=sharing\">FOTOS <\/a><\/p>\n","protected":false},"excerpt":{"rendered":"<p>Hoy nos ha visitado Silvia, la mam\u00e1 de Marcos. Nos ha explicado en qu\u00e9 consiste su trabajo de enfermera, y nos ha ense\u00f1ado un mont\u00f3n de cosas! Adem\u00e1s, nos ha ense\u00f1ado c\u00f3mo actuar en caso de emergencia, algo muy importante para todos,ni\u00f1os y mayores. Much\u00edsimas gracias por todo Silvia!\u00a0 FOTOS<\/p>\n","protected":false},"author":11,"featured_media":0,"comment_status":"open","ping_status":"open","sticky":false,"template":"","format":"standard","meta":[],"categories":[27,1],"tags":[],"_links":{"self":[{"href":"https:\/\/cpartajona.educacion.navarra.es\/web\/wp-json\/wp\/v2\/posts\/3173"}],"collection":[{"href":"https:\/\/cpartajona.educacion.navarra.es\/web\/wp-json\/wp\/v2\/posts"}],"about":[{"href":"https:\/\/cpartajona.educacion.navarra.es\/web\/wp-json\/wp\/v2\/types\/post"}],"author":[{"embeddable":true,"href":"https:\/\/cpartajona.educacion.navarra.es\/web\/wp-json\/wp\/v2\/users\/11"}],"replies":[{"embeddable":true,"href":"https:\/\/cpartajona.educacion.navarra.es\/web\/wp-json\/wp\/v2\/comments?post=3173"}],"version-history":[{"count":1,"href":"https:\/\/cpartajona.educacion.navarra.es\/web\/wp-json\/wp\/v2\/posts\/3173\/revisions"}],"predecessor-version":[{"id":3174,"href":"https:\/\/cpartajona.educacion.navarra.es\/web\/wp-json\/wp\/v2\/posts\/3173\/revisions\/3174"}],"wp:attachment":[{"href":"https:\/\/cpartajona.educacion.navarra.es\/web\/wp-json\/wp\/v2\/media?parent=3173"}],"wp:term":[{"taxonomy":"category","embeddable":true,"href":"https:\/\/cpartajona.educacion.navarra.es\/web\/wp-json\/wp\/v2\/categories?post=3173"},{"taxonomy":"post_tag","embeddable":true,"href":"https:\/\/cpartajona.educacion.navarra.es\/web\/wp-json\/wp\/v2\/tags?post=3173"}],"curies":[{"name":"wp","href":"https:\/\/api.w.org\/{rel}","templated":true}]}}