{"id":3182,"date":"2019-10-15T12:20:09","date_gmt":"2019-10-15T10:20:09","guid":{"rendered":"http:\/\/cpartajona.educacion.navarra.es\/web\/?p=3182"},"modified":"2019-10-15T12:20:11","modified_gmt":"2019-10-15T10:20:11","slug":"visita-ana","status":"publish","type":"post","link":"https:\/\/cpartajona.educacion.navarra.es\/web\/blog\/2019\/10\/15\/visita-ana\/","title":{"rendered":"VISITA ANA"},"content":{"rendered":"\n<p style=\"text-align:left\"> Hoy nos ha visitado Ana, la mam\u00e1 de I\u00f1aki. Nos ha explicado cosas muy interesantes sobre su trabajo y acerca de c\u00f3mo funcionan nuestros sentidos, hemos aprendido muchas cosas que no sab\u00edamos! Tambi\u00e9n, nos ha ense\u00f1ado a c\u00f3mo cuidarlos y lo hemos podido poner en pr\u00e1ctica hoy mismo. Muchas gracias por venir Ana!\u00a0 <\/p>\n\n\n\n<p><a href=\"https:\/\/drive.google.com\/drive\/folders\/1SfgXgFif0FS_ABVViCc2lredbxlAq3UZ?usp=sharing\">FOTOS<\/a><\/p>\n","protected":false},"excerpt":{"rendered":"<p>Hoy nos ha visitado Ana, la mam\u00e1 de I\u00f1aki. Nos ha explicado cosas muy interesantes sobre su trabajo y acerca de c\u00f3mo funcionan nuestros sentidos, hemos aprendido muchas cosas que no sab\u00edamos! Tambi\u00e9n, nos ha ense\u00f1ado a c\u00f3mo cuidarlos y lo hemos podido poner en pr\u00e1ctica hoy mismo. Muchas gracias por venir Ana!\u00a0 FOTOS<\/p>\n","protected":false},"author":11,"featured_media":0,"comment_status":"open","ping_status":"open","sticky":false,"template":"","format":"standard","meta":[],"categories":[27,1],"tags":[],"_links":{"self":[{"href":"https:\/\/cpartajona.educacion.navarra.es\/web\/wp-json\/wp\/v2\/posts\/3182"}],"collection":[{"href":"https:\/\/cpartajona.educacion.navarra.es\/web\/wp-json\/wp\/v2\/posts"}],"about":[{"href":"https:\/\/cpartajona.educacion.navarra.es\/web\/wp-json\/wp\/v2\/types\/post"}],"author":[{"embeddable":true,"href":"https:\/\/cpartajona.educacion.navarra.es\/web\/wp-json\/wp\/v2\/users\/11"}],"replies":[{"embeddable":true,"href":"https:\/\/cpartajona.educacion.navarra.es\/web\/wp-json\/wp\/v2\/comments?post=3182"}],"version-history":[{"count":1,"href":"https:\/\/cpartajona.educacion.navarra.es\/web\/wp-json\/wp\/v2\/posts\/3182\/revisions"}],"predecessor-version":[{"id":3183,"href":"https:\/\/cpartajona.educacion.navarra.es\/web\/wp-json\/wp\/v2\/posts\/3182\/revisions\/3183"}],"wp:attachment":[{"href":"https:\/\/cpartajona.educacion.navarra.es\/web\/wp-json\/wp\/v2\/media?parent=3182"}],"wp:term":[{"taxonomy":"category","embeddable":true,"href":"https:\/\/cpartajona.educacion.navarra.es\/web\/wp-json\/wp\/v2\/categories?post=3182"},{"taxonomy":"post_tag","embeddable":true,"href":"https:\/\/cpartajona.educacion.navarra.es\/web\/wp-json\/wp\/v2\/tags?post=3182"}],"curies":[{"name":"wp","href":"https:\/\/api.w.org\/{rel}","templated":true}]}}