{"id":3227,"date":"2020-02-05T18:41:26","date_gmt":"2020-02-05T17:41:26","guid":{"rendered":"http:\/\/cpartajona.educacion.navarra.es\/web\/?p=3227"},"modified":"2020-02-05T18:41:28","modified_gmt":"2020-02-05T17:41:28","slug":"prevencion-lenguaje-oral","status":"publish","type":"post","link":"https:\/\/cpartajona.educacion.navarra.es\/web\/blog\/2020\/02\/05\/prevencion-lenguaje-oral\/","title":{"rendered":"PREVENCI\u00d3N LENGUAJE ORAL"},"content":{"rendered":"\n<p>Os p\u00fablico unas <a href=\"https:\/\/drive.google.com\/drive\/folders\/1x4GhKNWEy652cZZIFR3FSTploOphIZl6?usp=sharing\">FOTOS<\/a> donde pod\u00e9is ver las actividades del programa de esta semana, hemos trabajado conciencia fonol\u00f3gica y estructura de frase.<\/p>\n","protected":false},"excerpt":{"rendered":"<p>Os p\u00fablico unas FOTOS donde pod\u00e9is ver las actividades del programa de esta semana, hemos trabajado conciencia fonol\u00f3gica y estructura de frase.<\/p>\n","protected":false},"author":16,"featured_media":0,"comment_status":"open","ping_status":"open","sticky":false,"template":"","format":"standard","meta":[],"categories":[1,39,40,41],"tags":[],"_links":{"self":[{"href":"https:\/\/cpartajona.educacion.navarra.es\/web\/wp-json\/wp\/v2\/posts\/3227"}],"collection":[{"href":"https:\/\/cpartajona.educacion.navarra.es\/web\/wp-json\/wp\/v2\/posts"}],"about":[{"href":"https:\/\/cpartajona.educacion.navarra.es\/web\/wp-json\/wp\/v2\/types\/post"}],"author":[{"embeddable":true,"href":"https:\/\/cpartajona.educacion.navarra.es\/web\/wp-json\/wp\/v2\/users\/16"}],"replies":[{"embeddable":true,"href":"https:\/\/cpartajona.educacion.navarra.es\/web\/wp-json\/wp\/v2\/comments?post=3227"}],"version-history":[{"count":1,"href":"https:\/\/cpartajona.educacion.navarra.es\/web\/wp-json\/wp\/v2\/posts\/3227\/revisions"}],"predecessor-version":[{"id":3228,"href":"https:\/\/cpartajona.educacion.navarra.es\/web\/wp-json\/wp\/v2\/posts\/3227\/revisions\/3228"}],"wp:attachment":[{"href":"https:\/\/cpartajona.educacion.navarra.es\/web\/wp-json\/wp\/v2\/media?parent=3227"}],"wp:term":[{"taxonomy":"category","embeddable":true,"href":"https:\/\/cpartajona.educacion.navarra.es\/web\/wp-json\/wp\/v2\/categories?post=3227"},{"taxonomy":"post_tag","embeddable":true,"href":"https:\/\/cpartajona.educacion.navarra.es\/web\/wp-json\/wp\/v2\/tags?post=3227"}],"curies":[{"name":"wp","href":"https:\/\/api.w.org\/{rel}","templated":true}]}}