{"id":365,"date":"2014-02-20T17:44:05","date_gmt":"2014-02-20T16:44:05","guid":{"rendered":"http:\/\/cpartajona.educacion.navarra.es\/web\/?p=365"},"modified":"2014-10-27T21:33:51","modified_gmt":"2014-10-27T20:33:51","slug":"museo-medioambiental","status":"publish","type":"post","link":"https:\/\/cpartajona.educacion.navarra.es\/web\/blog\/2014\/02\/20\/museo-medioambiental\/","title":{"rendered":"Museo Medioambiental"},"content":{"rendered":"<p>Los alumnos\/as de 2\u00ba ciclo, tal y como ten\u00edan previsto en el segundo trimestre realizaron la salida para visita el museo medioambiental. La salida result\u00f3 interesante y entretenida.<\/p>\n<p>El trabajo fue ir descubriendo las distintas propuestas a trav\u00e9s de los sentidos ( olfato, tacto, vista y o\u00eddo).<\/p>\n<p>Los alumnos\/as \u00a0disfrutaron de lo lindo con esta novedosa actividad.<\/p>\n<p>En la salida tambi\u00e9n visitamos el<a href=\"http:\/\/www.navarra.es\/home_es\/Temas\/Turismo+ocio+y+cultura\/Museos\/Museos+y+colecciones+permanentes\/Museo+Navarra\/Default.htm\"> Museo de Navarra.<\/a><\/p>\n","protected":false},"excerpt":{"rendered":"<p>Los alumnos\/as de 2\u00ba ciclo, tal y como ten\u00edan previsto en el segundo trimestre realizaron la salida para visita el museo medioambiental. La salida result\u00f3 interesante y entretenida. El trabajo fue ir descubriendo las distintas propuestas a trav\u00e9s de los sentidos ( olfato, tacto, vista y o\u00eddo). Los alumnos\/as \u00a0disfrutaron de lo lindo con esta &hellip; <\/p>\n<p><a class=\"more-link btn\" href=\"https:\/\/cpartajona.educacion.navarra.es\/web\/blog\/2014\/02\/20\/museo-medioambiental\/\">Continue reading<\/a><\/p>\n","protected":false},"author":1,"featured_media":0,"comment_status":"open","ping_status":"open","sticky":false,"template":"","format":"standard","meta":[],"categories":[4,27],"tags":[],"_links":{"self":[{"href":"https:\/\/cpartajona.educacion.navarra.es\/web\/wp-json\/wp\/v2\/posts\/365"}],"collection":[{"href":"https:\/\/cpartajona.educacion.navarra.es\/web\/wp-json\/wp\/v2\/posts"}],"about":[{"href":"https:\/\/cpartajona.educacion.navarra.es\/web\/wp-json\/wp\/v2\/types\/post"}],"author":[{"embeddable":true,"href":"https:\/\/cpartajona.educacion.navarra.es\/web\/wp-json\/wp\/v2\/users\/1"}],"replies":[{"embeddable":true,"href":"https:\/\/cpartajona.educacion.navarra.es\/web\/wp-json\/wp\/v2\/comments?post=365"}],"version-history":[{"count":12,"href":"https:\/\/cpartajona.educacion.navarra.es\/web\/wp-json\/wp\/v2\/posts\/365\/revisions"}],"predecessor-version":[{"id":557,"href":"https:\/\/cpartajona.educacion.navarra.es\/web\/wp-json\/wp\/v2\/posts\/365\/revisions\/557"}],"wp:attachment":[{"href":"https:\/\/cpartajona.educacion.navarra.es\/web\/wp-json\/wp\/v2\/media?parent=365"}],"wp:term":[{"taxonomy":"category","embeddable":true,"href":"https:\/\/cpartajona.educacion.navarra.es\/web\/wp-json\/wp\/v2\/categories?post=365"},{"taxonomy":"post_tag","embeddable":true,"href":"https:\/\/cpartajona.educacion.navarra.es\/web\/wp-json\/wp\/v2\/tags?post=365"}],"curies":[{"name":"wp","href":"https:\/\/api.w.org\/{rel}","templated":true}]}}